[{"@context":"https:\/\/schema.org\/","@type":"Article","@id":"https:\/\/www.sonico.cz\/drevene-palety-radeji-odlozte\/#Article","mainEntityOfPage":"https:\/\/www.sonico.cz\/drevene-palety-radeji-odlozte\/","headline":"D\u0159ev\u011bn\u00e9 palety rad\u011bji odlo\u017ete","name":"D\u0159ev\u011bn\u00e9 palety rad\u011bji odlo\u017ete","description":"D\u0159ev\u011bn\u00e1 p\u0159epravn\u00ed paleta je na prvn\u00ed pohled velmi primitivn\u00ed z\u00e1le\u017eitost. Jsou to dlouh\u00fdmi h\u0159eby stlu\u010den\u00e9 d\u0159ev\u011bn\u00e9 od\u0159ezky tr\u00e1mk\u016f s nehoblovan\u00fdmi prkny. Jednoduch\u00e1 konstrukce z masivn\u00edho d\u0159eva v\u0161ak dok\u00e1\u017ee udr\u017eet na sv\u00fdch bedrech hmotnost vy\u0161\u0161\u00ed, ne\u017e p\u016fl druh\u00e9 tuny a ve spojit\u00e9 z\u00e1t\u011b\u017ei po cel\u00e9 plo\u0161e p\u0159i statick\u00e9m (nikoli dynamick\u00e9m) nam\u00e1h\u00e1n\u00ed paleta unese a\u017e dva tis\u00edce kilogram\u016f. \u00dactyhodn\u00fd v\u00fdkon, \u017ee, na to, \u017ee jde jen o dva centimetry siln\u00e1 prkna. V\u00fdrobn\u00ed n\u00e1klady na zhotoven\u00ed jedn\u00e9 palety jsou pom\u011brn\u011b n\u00edzk\u00e9, ov\u0161em tak\u00e9 mus\u00edte po\u010d\u00edtat s t\u00edm, \u017ee jde o d\u0159evo, a to nevydr\u017e\u00ed sn\u00e1\u0161et takovou v\u00e1hu v\u011b\u010dn\u011b. Na d\u0159evo p\u016fsob\u00ed pov\u011btrnostn\u00ed vlivy, zejm\u00e9na vlhkost a voda, a materi\u00e1l se d\u00edky tomu za\u010dne postupn\u011b rozpadat. D\u0159evo plesniv\u00ed a hnije a tomuto procesu st\u011b\u017e\u00ed zabr\u00e1n\u00edte, leda tak jej odd\u00e1l\u00edte speci\u00e1ln\u00edmi penetracemi a n\u00e1t\u011bry, ale to by zas v\u00fdrobn\u00ed cena palet zna\u010dn\u011b vzrostla. Mus\u00edte se zkr\u00e1tka p\u0159izp\u016fsobit jak\u00e9musi kompromisu a po\u010d\u00edtat s t\u00edm, \u017ee provozujete-li logistickou firmu, spot\u0159eba palet bude pom\u011brn\u011b vysok\u00e1. Toto platilo doned\u00e1vna, kdy existovaly pouze palety ze d\u0159eva. Dnes je ale situace odli\u0161n\u00e1, proto\u017ee se vyr\u00e1b\u00ed plastov\u00e9 palety 1200 x 1000 Schoeller Allibert. v\u00fdznamn\u011b konkuruj\u00ed t\u011bm d\u0159ev\u011bn\u00fdm zejm\u00e9na ve dvou v\u011bcech: Nosnost \u2013 maxim\u00e1ln\u00ed nosnost d\u0159ev\u011bn\u00fdch palet je p\u0159ibli\u017en\u011b dv\u011b tuny, ov\u0161em maxim\u00e1ln\u00ed nosnost plastov\u00fdch palet je p\u011bt tun. M\u016f\u017ee v\u00e1m to p\u0159ipadat jako v\u00fdmysl, proto\u017ee p\u0159ece \u017e\u00e1dn\u00fd plast nem\u016f\u017ee b\u00fdt tak pevn\u00fd, ale je tomu tak. Jde o speci\u00e1ln\u00ed tvrzen\u00fd plast a nemus\u00edte m\u00edt obavy, \u017ee by si s takto t\u011b\u017ek\u00fdm n\u00e1kladem neporadil. Tyto palety se vyu\u017e\u00edvaj\u00ed nap\u0159\u00edklad pro p\u0159epravu IBC kontejner\u016f, v nich\u017e se skladuje a p\u0159epravuje ovoce a zelenina ve zpracovan\u00e9 tekut\u00e9 podob\u011b. \u00dadr\u017eba a \u017eivotnost \u2013 plastovou paletu snadno vy\u010dist\u00edte od b\u011b\u017en\u00e9ho zne\u010di\u0161t\u011bn\u00ed, kde\u017eto d\u0159ev\u011bnou paletu jen st\u011b\u017e\u00ed. A \u017eivotnost plastov\u00fdch palet je tak\u00e9 mnohem del\u0161\u00ed, proto\u017ee na plast nep\u016fsob\u00ed \u017e\u00e1dn\u00e9 pl\u00edsn\u011b, d\u0159evokazn\u00e9 houby a podobn\u00e9 destruktivn\u00ed jevy. 4\/5 - (4 votes)","datePublished":"2023-09-23","dateModified":"2023-09-23","author":{"@type":"Person","@id":"https:\/\/www.sonico.cz\/author\/#Person","name":"","url":"https:\/\/www.sonico.cz\/author\/","identifier":1,"image":{"@type":"ImageObject","@id":"https:\/\/secure.gravatar.com\/avatar\/b70ca3e57a61efa655568ea1bab21ec867ae74beaf8b182b9ca53fe6fcb8cee7?s=96&d=mm&r=g","url":"https:\/\/secure.gravatar.com\/avatar\/b70ca3e57a61efa655568ea1bab21ec867ae74beaf8b182b9ca53fe6fcb8cee7?s=96&d=mm&r=g","height":96,"width":96}},"publisher":{"@type":"Organization","name":"sonico.cz","logo":{"@type":"ImageObject","@id":"\/logo.png","url":"\/logo.png","width":600,"height":60}},"image":{"@type":"ImageObject","@id":"https:\/\/www.sonico.cz\/wp-content\/uploads\/pallets-1523553_640_1.jpg","url":"https:\/\/www.sonico.cz\/wp-content\/uploads\/pallets-1523553_640_1.jpg","height":0,"width":0},"url":"https:\/\/www.sonico.cz\/drevene-palety-radeji-odlozte\/","about":["Firmy"],"wordCount":423,"articleBody":"   D\u0159ev\u011bn\u00e1 p\u0159epravn\u00ed paleta je na prvn\u00ed pohled velmi primitivn\u00ed z\u00e1le\u017eitost. Jsou to dlouh\u00fdmi h\u0159eby stlu\u010den\u00e9 d\u0159ev\u011bn\u00e9 od\u0159ezky tr\u00e1mk\u016f s nehoblovan\u00fdmi prkny. Jednoduch\u00e1 konstrukce z masivn\u00edho d\u0159eva v\u0161ak dok\u00e1\u017ee udr\u017eet na sv\u00fdch bedrech hmotnost vy\u0161\u0161\u00ed, ne\u017e p\u016fl druh\u00e9 tuny a ve spojit\u00e9 z\u00e1t\u011b\u017ei po cel\u00e9 plo\u0161e p\u0159i statick\u00e9m (nikoli dynamick\u00e9m) nam\u00e1h\u00e1n\u00ed paleta unese a\u017e dva tis\u00edce kilogram\u016f. \u00dactyhodn\u00fd v\u00fdkon, \u017ee, na to, \u017ee jde jen o dva centimetry siln\u00e1 prkna. V\u00fdrobn\u00ed n\u00e1klady na zhotoven\u00ed jedn\u00e9 palety jsou pom\u011brn\u011b n\u00edzk\u00e9, ov\u0161em tak\u00e9 mus\u00edte po\u010d\u00edtat s t\u00edm, \u017ee jde o d\u0159evo, a to nevydr\u017e\u00ed sn\u00e1\u0161et takovou v\u00e1hu v\u011b\u010dn\u011b. Na d\u0159evo p\u016fsob\u00ed pov\u011btrnostn\u00ed vlivy, zejm\u00e9na vlhkost a voda, a materi\u00e1l se d\u00edky tomu za\u010dne postupn\u011b rozpadat. D\u0159evo plesniv\u00ed a hnije a tomuto procesu st\u011b\u017e\u00ed zabr\u00e1n\u00edte, leda tak jej odd\u00e1l\u00edte speci\u00e1ln\u00edmi penetracemi a n\u00e1t\u011bry, ale to by zas v\u00fdrobn\u00ed cena palet zna\u010dn\u011b vzrostla. Mus\u00edte se zkr\u00e1tka p\u0159izp\u016fsobit jak\u00e9musi kompromisu a po\u010d\u00edtat s t\u00edm, \u017ee provozujete-li logistickou firmu, spot\u0159eba palet bude pom\u011brn\u011b vysok\u00e1.Toto platilo doned\u00e1vna, kdy existovaly pouze palety ze d\u0159eva. Dnes je ale situace odli\u0161n\u00e1, proto\u017ee se vyr\u00e1b\u00ed plastov\u00e9 palety 1200 x 1000 Schoeller Allibert. v\u00fdznamn\u011b konkuruj\u00ed t\u011bm d\u0159ev\u011bn\u00fdm zejm\u00e9na ve dvou v\u011bcech:Nosnost \u2013 maxim\u00e1ln\u00ed nosnost d\u0159ev\u011bn\u00fdch palet je p\u0159ibli\u017en\u011b dv\u011b tuny, ov\u0161em maxim\u00e1ln\u00ed nosnost plastov\u00fdch palet je p\u011bt tun. M\u016f\u017ee v\u00e1m to p\u0159ipadat jako v\u00fdmysl, proto\u017ee p\u0159ece \u017e\u00e1dn\u00fd plast nem\u016f\u017ee b\u00fdt tak pevn\u00fd, ale je tomu tak. Jde o speci\u00e1ln\u00ed tvrzen\u00fd plast a nemus\u00edte m\u00edt obavy, \u017ee by si s takto t\u011b\u017ek\u00fdm n\u00e1kladem neporadil. Tyto palety se vyu\u017e\u00edvaj\u00ed nap\u0159\u00edklad pro p\u0159epravu IBC kontejner\u016f, v nich\u017e se skladuje a p\u0159epravuje ovoce a zelenina ve zpracovan\u00e9 tekut\u00e9 podob\u011b.\u00dadr\u017eba a \u017eivotnost \u2013 plastovou paletu snadno vy\u010dist\u00edte od b\u011b\u017en\u00e9ho zne\u010di\u0161t\u011bn\u00ed, kde\u017eto d\u0159ev\u011bnou paletu jen st\u011b\u017e\u00ed. A \u017eivotnost plastov\u00fdch palet je tak\u00e9 mnohem del\u0161\u00ed, proto\u017ee na plast nep\u016fsob\u00ed \u017e\u00e1dn\u00e9 pl\u00edsn\u011b, d\u0159evokazn\u00e9 houby a podobn\u00e9 destruktivn\u00ed jevy.                                                                                                                                                                                                                                                                                                                                                                                          4\/5 - (4 votes)        "},{"@context":"https:\/\/schema.org\/","@type":"BreadcrumbList","itemListElement":[{"@type":"ListItem","position":1,"name":"D\u0159ev\u011bn\u00e9 palety rad\u011bji odlo\u017ete","item":"https:\/\/www.sonico.cz\/drevene-palety-radeji-odlozte\/#breadcrumbitem"}]}]