[{"@context":"https:\/\/schema.org\/","@type":"Article","@id":"https:\/\/www.sonico.cz\/kdy-jsou-vestavene-skrine-tou-nejlepsi-moznosti\/#Article","mainEntityOfPage":"https:\/\/www.sonico.cz\/kdy-jsou-vestavene-skrine-tou-nejlepsi-moznosti\/","headline":"Kdy jsou vestav\u011bn\u00e9 sk\u0159\u00edn\u011b tou nejlep\u0161\u00ed mo\u017enost\u00ed?","name":"Kdy jsou vestav\u011bn\u00e9 sk\u0159\u00edn\u011b tou nejlep\u0161\u00ed mo\u017enost\u00ed?","description":"Posledn\u00ed dobou se \u010d\u00edm d\u00e1l \u010dast\u011bji setk\u00e1v\u00e1me s trendem zn\u00e1m\u00fdm jako vestav\u011bn\u00e9 sk\u0159\u00edn\u011b. Pro\u010d jsou tolik popul\u00e1rn\u00ed, a jak\u00e9 jsou jejich mo\u017enosti? Sk\u0159\u00edn\u011b, kter\u00e9 nevy\u010dn\u00edvaj\u00ed V\u00fdhodou vestav\u011bn\u00fdch sk\u0159\u00edn\u00ed je, \u017ee za nimi, ani nad nimi nez\u016fst\u00e1v\u00e1 zbyte\u010dn\u00fd voln\u00fd prostor. Je tak vyu\u017eit\u00ed ka\u017ed\u00fd centimetr prostoru ur\u010den\u00e9ho k um\u00edst\u011bn\u00ed \u00falo\u017en\u00e9ho n\u00e1bytku, a vejde se tak dovnit\u0159 v\u011bt\u0161\u00ed mno\u017estv\u00ed v\u011bc\u00ed. Takov\u00e9to sk\u0159\u00edn\u011b nejsou jen n\u00e1bytkem um\u00edst\u011bn\u00fdm v prostoru, ale jsou sou\u010d\u00e1st\u00ed interi\u00e9ru. Bezpe\u010dnost p\u0159edev\u0161\u00edm Ur\u010dit\u011b jste u\u017e n\u011bkdy sly\u0161eli o d\u011btech, kter\u00e9 na sebe p\u0159evrhli sk\u0159\u00ed\u0148. Jednou z mo\u017enost\u00ed je samoz\u0159ejm\u011b p\u0159ipevnit sk\u0159\u00ed\u0148 ke st\u011bn\u011b, av\u0161ak to rozhodn\u011b nevypad\u00e1 tak dob\u0159e, jako kdy\u017e je sk\u0159\u00ed\u0148 u st\u011bny zabudovan\u00e1. Kdy\u017e pak d\u011bti napadne se v\u011b\u0161et na dve\u0159e od sk\u0159\u00edn\u011b, neb ose v n\u00ed schov\u00e1vat, nehroz\u00ed jim nebezpe\u010d\u00ed. Jak\u00e9 jsou mo\u017enosti velikost\u00ed? Vestav\u011bn\u00e9 sk\u0159\u00edn\u011b se vyr\u00e1b\u011bj\u00ed obvykle na m\u00edru, a tak je zde velk\u00fd prostor pro p\u0159edstavivost. A co design? Design sk\u0159\u00edn\u00ed lze navrhnout tak, aby vyhovoval va\u0161\u00edm p\u0159\u00e1n\u00edm a pot\u0159eb\u00e1m, a ladil se zbytkem m\u00edstnosti. Co se materi\u00e1l\u016f t\u00fd\u010de, je velk\u00fd v\u00fdb\u011br. Pou\u017e\u00edt m\u016f\u017eete nap\u0159\u00edklad lamino ve stylu d\u0159evo dekoru, nebo univerz\u00e1ln\u00ed barvy. D\u00e1le pak lze volit bambus, kter\u00fd je posledn\u00ed dobou velmi obl\u00edben\u00fd, ratan, nebo loom. Dve\u0159e sk\u0159\u00edn\u011b lze vybavit i zrcadly, nebo sklem. Rozlo\u017een\u00ed Je tak\u00e9 si pot\u0159eba promyslet, co hodl\u00e1te do sk\u0159\u00edn\u011b ukl\u00e1dat, a dle toho tak\u00e9 sk\u0159\u00ed\u0148 rozvrhnout. Kolik by m\u011bla m\u00edt z\u00e1suvek, prostoru na zav\u011b\u0161en\u00ed, polic, \u010di p\u0159ihr\u00e1dek? Detaily Na detailech z\u00e1le\u017e\u00ed, a je tedy pot\u0159eba spr\u00e1vn\u011b volit \u00fachytky, z\u00e1v\u011bsn\u00e9 komponenty, ty\u010de, ale i r\u00e1my. Cena Cena nen\u00ed pevn\u011b dan\u00e1, z\u00e1le\u017e\u00ed toti\u017e na rozm\u011brech, zvolen\u00fdch materi\u00e1lech, ale i slo\u017eitosti. Pro p\u0159\u00edklad lze uv\u00e9st, \u017ee sk\u0159\u00ed\u0148 o rozm\u011brech 260x200cm a hloubce 60 cm s posuvn\u00fdmi dve\u0159mi vych\u00e1z\u00ed pr\u016fm\u011brn\u011b na necel\u00fdch 25 000K\u010d. Men\u0161\u00ed jsou pak obvykle levn\u011bj\u0161\u00ed, ale z\u00e1le\u017e\u00ed i na volb\u011b materi\u00e1lu, a dal\u0161\u00edch detail\u016f. 4.1\/5 - (9 votes)","datePublished":"2022-07-09","dateModified":"2022-07-09","author":{"@type":"Person","@id":"https:\/\/www.sonico.cz\/author\/#Person","name":"","url":"https:\/\/www.sonico.cz\/author\/","identifier":1,"image":{"@type":"ImageObject","@id":"https:\/\/secure.gravatar.com\/avatar\/b70ca3e57a61efa655568ea1bab21ec867ae74beaf8b182b9ca53fe6fcb8cee7?s=96&d=mm&r=g","url":"https:\/\/secure.gravatar.com\/avatar\/b70ca3e57a61efa655568ea1bab21ec867ae74beaf8b182b9ca53fe6fcb8cee7?s=96&d=mm&r=g","height":96,"width":96}},"publisher":{"@type":"Organization","name":"sonico.cz","logo":{"@type":"ImageObject","@id":"\/logo.png","url":"\/logo.png","width":600,"height":60}},"image":{"@type":"ImageObject","@id":"https:\/\/www.sonico.cz\/wp-content\/uploads\/bed-1839184_640_10_4.jpg","url":"https:\/\/www.sonico.cz\/wp-content\/uploads\/bed-1839184_640_10_4.jpg","height":0,"width":0},"url":"https:\/\/www.sonico.cz\/kdy-jsou-vestavene-skrine-tou-nejlepsi-moznosti\/","about":["Zbo\u017e\u00ed"],"wordCount":421,"articleBody":"   Posledn\u00ed dobou se \u010d\u00edm d\u00e1l \u010dast\u011bji setk\u00e1v\u00e1me s trendem zn\u00e1m\u00fdm jako vestav\u011bn\u00e9 sk\u0159\u00edn\u011b. Pro\u010d jsou tolik popul\u00e1rn\u00ed, a jak\u00e9 jsou jejich mo\u017enosti?Sk\u0159\u00edn\u011b, kter\u00e9 nevy\u010dn\u00edvaj\u00edV\u00fdhodou vestav\u011bn\u00fdch sk\u0159\u00edn\u00ed je, \u017ee za nimi, ani nad nimi nez\u016fst\u00e1v\u00e1 zbyte\u010dn\u00fd voln\u00fd prostor. Je tak vyu\u017eit\u00ed ka\u017ed\u00fd centimetr prostoru ur\u010den\u00e9ho k um\u00edst\u011bn\u00ed \u00falo\u017en\u00e9ho n\u00e1bytku, a vejde se tak dovnit\u0159 v\u011bt\u0161\u00ed mno\u017estv\u00ed v\u011bc\u00ed. Takov\u00e9to sk\u0159\u00edn\u011b nejsou jen n\u00e1bytkem um\u00edst\u011bn\u00fdm v prostoru, ale jsou sou\u010d\u00e1st\u00ed interi\u00e9ru.Bezpe\u010dnost p\u0159edev\u0161\u00edmUr\u010dit\u011b jste u\u017e n\u011bkdy sly\u0161eli o d\u011btech, kter\u00e9 na sebe p\u0159evrhli sk\u0159\u00ed\u0148. Jednou z mo\u017enost\u00ed je samoz\u0159ejm\u011b p\u0159ipevnit sk\u0159\u00ed\u0148 ke st\u011bn\u011b, av\u0161ak to rozhodn\u011b nevypad\u00e1 tak dob\u0159e, jako kdy\u017e je sk\u0159\u00ed\u0148 u st\u011bny zabudovan\u00e1. Kdy\u017e pak d\u011bti napadne se v\u011b\u0161et na dve\u0159e od sk\u0159\u00edn\u011b, neb ose v n\u00ed schov\u00e1vat, nehroz\u00ed jim nebezpe\u010d\u00ed.Jak\u00e9 jsou mo\u017enosti velikost\u00ed?Vestav\u011bn\u00e9 sk\u0159\u00edn\u011b se vyr\u00e1b\u011bj\u00ed obvykle na m\u00edru, a tak je zde velk\u00fd prostor pro p\u0159edstavivost. A co design?Design sk\u0159\u00edn\u00ed lze navrhnout tak, aby vyhovoval va\u0161\u00edm p\u0159\u00e1n\u00edm a pot\u0159eb\u00e1m, a ladil se zbytkem m\u00edstnosti. Co se materi\u00e1l\u016f t\u00fd\u010de, je velk\u00fd v\u00fdb\u011br. Pou\u017e\u00edt m\u016f\u017eete nap\u0159\u00edklad lamino ve stylu d\u0159evo dekoru, nebo univerz\u00e1ln\u00ed barvy. D\u00e1le pak lze volit bambus, kter\u00fd je posledn\u00ed dobou velmi obl\u00edben\u00fd, ratan, nebo loom. Dve\u0159e sk\u0159\u00edn\u011b lze vybavit i zrcadly, nebo sklem.Rozlo\u017een\u00edJe tak\u00e9 si pot\u0159eba promyslet, co hodl\u00e1te do sk\u0159\u00edn\u011b ukl\u00e1dat, a dle toho tak\u00e9 sk\u0159\u00ed\u0148 rozvrhnout. Kolik by m\u011bla m\u00edt z\u00e1suvek, prostoru na zav\u011b\u0161en\u00ed, polic, \u010di p\u0159ihr\u00e1dek? DetailyNa detailech z\u00e1le\u017e\u00ed, a je tedy pot\u0159eba spr\u00e1vn\u011b volit \u00fachytky, z\u00e1v\u011bsn\u00e9 komponenty, ty\u010de, ale i r\u00e1my.CenaCena nen\u00ed pevn\u011b dan\u00e1, z\u00e1le\u017e\u00ed toti\u017e na rozm\u011brech, zvolen\u00fdch materi\u00e1lech, ale i slo\u017eitosti. Pro p\u0159\u00edklad lze uv\u00e9st, \u017ee sk\u0159\u00ed\u0148 o rozm\u011brech 260x200cm a hloubce 60 cm s posuvn\u00fdmi dve\u0159mi vych\u00e1z\u00ed pr\u016fm\u011brn\u011b na necel\u00fdch 25 000K\u010d. Men\u0161\u00ed jsou pak obvykle levn\u011bj\u0161\u00ed, ale z\u00e1le\u017e\u00ed i na volb\u011b materi\u00e1lu, a dal\u0161\u00edch detail\u016f.                                                                                                                                                                                                                                                                                                                                                                                          4.1\/5 - (9 votes)        "},{"@context":"https:\/\/schema.org\/","@type":"BreadcrumbList","itemListElement":[{"@type":"ListItem","position":1,"name":"Kdy jsou vestav\u011bn\u00e9 sk\u0159\u00edn\u011b tou nejlep\u0161\u00ed mo\u017enost\u00ed?","item":"https:\/\/www.sonico.cz\/kdy-jsou-vestavene-skrine-tou-nejlepsi-moznosti\/#breadcrumbitem"}]}]