{"@context":"https:\/\/schema.org\/","@type":"CollectionPage","@id":"https:\/\/www.sonico.cz\/nezarazene\/#CollectionPage","headline":"Neza\u0159azen\u00e9 Category","description":"","url":"https:\/\/www.sonico.cz\/nezarazene\/","hasPart":[{"@type":"Article","@id":"https:\/\/www.sonico.cz\/kde-vzit-penize\/","headline":"Kde vz\u00edt pen\u00edze?","url":"https:\/\/www.sonico.cz\/kde-vzit-penize\/","datePublished":"2020-08-20","dateModified":"2023-05-05","mainEntityOfPage":"https:\/\/www.sonico.cz\/kde-vzit-penize\/","author":{"@type":"Person","@id":"https:\/\/www.sonico.cz\/author\/#Person","name":"","url":"https:\/\/www.sonico.cz\/author\/","identifier":1,"image":{"@type":"ImageObject","@id":"https:\/\/secure.gravatar.com\/avatar\/b70ca3e57a61efa655568ea1bab21ec867ae74beaf8b182b9ca53fe6fcb8cee7?s=96&d=mm&r=g","url":"https:\/\/secure.gravatar.com\/avatar\/b70ca3e57a61efa655568ea1bab21ec867ae74beaf8b182b9ca53fe6fcb8cee7?s=96&d=mm&r=g","height":96,"width":96}},"publisher":{"@type":"Organization","name":"sonico.cz","logo":{"@type":"ImageObject","@id":"\/logo.png","url":"\/logo.png","width":600,"height":60}},"image":{"@type":"ImageObject","@id":"https:\/\/sonico.cz\/wp-content\/uploads\/indon%C3%A9sk%C3%A9%20mince.jpg","url":"https:\/\/sonico.cz\/wp-content\/uploads\/indon%C3%A9sk%C3%A9%20mince.jpg","height":"","width":""},"keywords":null},{"@type":"Article","@id":"https:\/\/www.sonico.cz\/i-vase-stehovani-v-neratovicich-urcite-dopadne-dobre\/","headline":"I va\u0161e st\u011bhov\u00e1n\u00ed v Neratovic\u00edch ur\u010dit\u011b dopadne dob\u0159e","url":"https:\/\/www.sonico.cz\/i-vase-stehovani-v-neratovicich-urcite-dopadne-dobre\/","datePublished":"2020-08-20","dateModified":"2023-05-05","mainEntityOfPage":"https:\/\/www.sonico.cz\/i-vase-stehovani-v-neratovicich-urcite-dopadne-dobre\/","author":{"@type":"Person","@id":"https:\/\/www.sonico.cz\/author\/#Person","name":"","url":"https:\/\/www.sonico.cz\/author\/","identifier":1,"image":{"@type":"ImageObject","@id":"https:\/\/secure.gravatar.com\/avatar\/b70ca3e57a61efa655568ea1bab21ec867ae74beaf8b182b9ca53fe6fcb8cee7?s=96&d=mm&r=g","url":"https:\/\/secure.gravatar.com\/avatar\/b70ca3e57a61efa655568ea1bab21ec867ae74beaf8b182b9ca53fe6fcb8cee7?s=96&d=mm&r=g","height":96,"width":96}},"publisher":{"@type":"Organization","name":"sonico.cz","logo":{"@type":"ImageObject","@id":"\/logo.png","url":"\/logo.png","width":600,"height":60}},"image":{"@type":"ImageObject","@id":"https:\/\/sonico.cz\/wp-content\/uploads\/krabice%20pln%C3%A1%20sl%C3%A1my.jpg","url":"https:\/\/sonico.cz\/wp-content\/uploads\/krabice%20pln%C3%A1%20sl%C3%A1my.jpg","height":"","width":""},"keywords":null},{"@type":"Article","@id":"https:\/\/www.sonico.cz\/reklamni-obleceni\/","headline":"Reklamn\u00ed oble\u010den\u00ed","url":"https:\/\/www.sonico.cz\/reklamni-obleceni\/","datePublished":"2020-08-19","dateModified":"2023-05-05","mainEntityOfPage":"https:\/\/www.sonico.cz\/reklamni-obleceni\/","author":{"@type":"Person","@id":"https:\/\/www.sonico.cz\/author\/#Person","name":"","url":"https:\/\/www.sonico.cz\/author\/","identifier":1,"image":{"@type":"ImageObject","@id":"https:\/\/secure.gravatar.com\/avatar\/b70ca3e57a61efa655568ea1bab21ec867ae74beaf8b182b9ca53fe6fcb8cee7?s=96&d=mm&r=g","url":"https:\/\/secure.gravatar.com\/avatar\/b70ca3e57a61efa655568ea1bab21ec867ae74beaf8b182b9ca53fe6fcb8cee7?s=96&d=mm&r=g","height":96,"width":96}},"publisher":{"@type":"Organization","name":"sonico.cz","logo":{"@type":"ImageObject","@id":"\/logo.png","url":"\/logo.png","width":600,"height":60}},"image":{"@type":"ImageObject","@id":"https:\/\/sonico.cz\/wp-content\/uploads\/Tri%C4%8Dka_2.png","url":"https:\/\/sonico.cz\/wp-content\/uploads\/Tri%C4%8Dka_2.png","height":"","width":""},"keywords":null},{"@type":"Article","@id":"https:\/\/www.sonico.cz\/ackove-svatebni-saty\/","headline":"\u00c1\u010dkov\u00e9 svatebn\u00ed \u0161aty","url":"https:\/\/www.sonico.cz\/ackove-svatebni-saty\/","datePublished":"2020-08-17","dateModified":"2023-05-05","mainEntityOfPage":"https:\/\/www.sonico.cz\/ackove-svatebni-saty\/","author":{"@type":"Person","@id":"https:\/\/www.sonico.cz\/author\/#Person","name":"","url":"https:\/\/www.sonico.cz\/author\/","identifier":1,"image":{"@type":"ImageObject","@id":"https:\/\/secure.gravatar.com\/avatar\/b70ca3e57a61efa655568ea1bab21ec867ae74beaf8b182b9ca53fe6fcb8cee7?s=96&d=mm&r=g","url":"https:\/\/secure.gravatar.com\/avatar\/b70ca3e57a61efa655568ea1bab21ec867ae74beaf8b182b9ca53fe6fcb8cee7?s=96&d=mm&r=g","height":96,"width":96}},"publisher":{"@type":"Organization","name":"sonico.cz","logo":{"@type":"ImageObject","@id":"\/logo.png","url":"\/logo.png","width":600,"height":60}},"image":{"@type":"ImageObject","@id":"https:\/\/sonico.cz\/wp-content\/uploads\/nev%C4%9Bsta%20a%20strom.PNG","url":"https:\/\/sonico.cz\/wp-content\/uploads\/nev%C4%9Bsta%20a%20strom.PNG","height":"","width":""},"keywords":null},{"@type":"Article","@id":"https:\/\/www.sonico.cz\/saty-v-bile-barve\/","headline":"\u0160aty v b\u00edl\u00e9 barv\u011b","url":"https:\/\/www.sonico.cz\/saty-v-bile-barve\/","datePublished":"2020-08-17","dateModified":"2023-05-05","mainEntityOfPage":"https:\/\/www.sonico.cz\/saty-v-bile-barve\/","author":{"@type":"Person","@id":"https:\/\/www.sonico.cz\/author\/#Person","name":"","url":"https:\/\/www.sonico.cz\/author\/","identifier":1,"image":{"@type":"ImageObject","@id":"https:\/\/secure.gravatar.com\/avatar\/b70ca3e57a61efa655568ea1bab21ec867ae74beaf8b182b9ca53fe6fcb8cee7?s=96&d=mm&r=g","url":"https:\/\/secure.gravatar.com\/avatar\/b70ca3e57a61efa655568ea1bab21ec867ae74beaf8b182b9ca53fe6fcb8cee7?s=96&d=mm&r=g","height":96,"width":96}},"publisher":{"@type":"Organization","name":"sonico.cz","logo":{"@type":"ImageObject","@id":"\/logo.png","url":"\/logo.png","width":600,"height":60}},"image":{"@type":"ImageObject","@id":"https:\/\/sonico.cz\/wp-content\/uploads\/%C5%BEena%20v%20b%C3%ADl%C3%BDch%20%C5%A1atech_1.PNG","url":"https:\/\/sonico.cz\/wp-content\/uploads\/%C5%BEena%20v%20b%C3%ADl%C3%BDch%20%C5%A1atech_1.PNG","height":"","width":""},"keywords":null},{"@type":"Article","@id":"https:\/\/www.sonico.cz\/pujcovna-dodavek-v-praze-6-nabizi-vozy-i-pro-kompletni-stehovani\/","headline":"P\u016fj\u010dovna dod\u00e1vek v Praze 6 nab\u00edz\u00ed vozy i pro kompletn\u00ed st\u011bhov\u00e1n\u00ed","url":"https:\/\/www.sonico.cz\/pujcovna-dodavek-v-praze-6-nabizi-vozy-i-pro-kompletni-stehovani\/","datePublished":"2020-08-17","dateModified":"2023-05-05","mainEntityOfPage":"https:\/\/www.sonico.cz\/pujcovna-dodavek-v-praze-6-nabizi-vozy-i-pro-kompletni-stehovani\/","author":{"@type":"Person","@id":"https:\/\/www.sonico.cz\/author\/#Person","name":"","url":"https:\/\/www.sonico.cz\/author\/","identifier":1,"image":{"@type":"ImageObject","@id":"https:\/\/secure.gravatar.com\/avatar\/b70ca3e57a61efa655568ea1bab21ec867ae74beaf8b182b9ca53fe6fcb8cee7?s=96&d=mm&r=g","url":"https:\/\/secure.gravatar.com\/avatar\/b70ca3e57a61efa655568ea1bab21ec867ae74beaf8b182b9ca53fe6fcb8cee7?s=96&d=mm&r=g","height":96,"width":96}},"publisher":{"@type":"Organization","name":"sonico.cz","logo":{"@type":"ImageObject","@id":"\/logo.png","url":"\/logo.png","width":600,"height":60}},"image":{"@type":"ImageObject","@id":"https:\/\/sonico.cz\/wp-content\/uploads\/provoz%20na%20d%C3%A1lnici_10_4.jpg","url":"https:\/\/sonico.cz\/wp-content\/uploads\/provoz%20na%20d%C3%A1lnici_10_4.jpg","height":"","width":""},"keywords":null},{"@type":"Article","@id":"https:\/\/www.sonico.cz\/kouzelnik-pro-dospele\/","headline":"Kouzeln\u00edk pro dosp\u011bl\u00e9","url":"https:\/\/www.sonico.cz\/kouzelnik-pro-dospele\/","datePublished":"2020-08-17","dateModified":"2023-05-05","mainEntityOfPage":"https:\/\/www.sonico.cz\/kouzelnik-pro-dospele\/","author":{"@type":"Person","@id":"https:\/\/www.sonico.cz\/author\/#Person","name":"","url":"https:\/\/www.sonico.cz\/author\/","identifier":1,"image":{"@type":"ImageObject","@id":"https:\/\/secure.gravatar.com\/avatar\/b70ca3e57a61efa655568ea1bab21ec867ae74beaf8b182b9ca53fe6fcb8cee7?s=96&d=mm&r=g","url":"https:\/\/secure.gravatar.com\/avatar\/b70ca3e57a61efa655568ea1bab21ec867ae74beaf8b182b9ca53fe6fcb8cee7?s=96&d=mm&r=g","height":96,"width":96}},"publisher":{"@type":"Organization","name":"sonico.cz","logo":{"@type":"ImageObject","@id":"\/logo.png","url":"\/logo.png","width":600,"height":60}},"image":{"@type":"ImageObject","@id":"https:\/\/sonico.cz\/wp-content\/uploads\/Kouzeln%C3%ADk%20(8)_2.jpg","url":"https:\/\/sonico.cz\/wp-content\/uploads\/Kouzeln%C3%ADk%20(8)_2.jpg","height":"","width":""},"keywords":null},{"@type":"Article","@id":"https:\/\/www.sonico.cz\/duvody-diky-kterym-muze-banka-zamitnout-zadost-o-uver\/","headline":"D\u016fvody, d\u00edky kter\u00fdm m\u016f\u017ee banka zam\u00edtnout \u017e\u00e1dost o \u00fav\u011br","url":"https:\/\/www.sonico.cz\/duvody-diky-kterym-muze-banka-zamitnout-zadost-o-uver\/","datePublished":"2020-07-07","dateModified":"2023-05-05","mainEntityOfPage":"https:\/\/www.sonico.cz\/duvody-diky-kterym-muze-banka-zamitnout-zadost-o-uver\/","author":{"@type":"Person","@id":"https:\/\/www.sonico.cz\/author\/#Person","name":"","url":"https:\/\/www.sonico.cz\/author\/","identifier":1,"image":{"@type":"ImageObject","@id":"https:\/\/secure.gravatar.com\/avatar\/b70ca3e57a61efa655568ea1bab21ec867ae74beaf8b182b9ca53fe6fcb8cee7?s=96&d=mm&r=g","url":"https:\/\/secure.gravatar.com\/avatar\/b70ca3e57a61efa655568ea1bab21ec867ae74beaf8b182b9ca53fe6fcb8cee7?s=96&d=mm&r=g","height":96,"width":96}},"publisher":{"@type":"Organization","name":"sonico.cz","logo":{"@type":"ImageObject","@id":"\/logo.png","url":"\/logo.png","width":600,"height":60}},"image":{"@type":"ImageObject","@id":"https:\/\/sonico.cz\/wp-content\/uploads\/kl%C3%AD%C4%8De%20od%20domu_10_6.jpg","url":"https:\/\/sonico.cz\/wp-content\/uploads\/kl%C3%AD%C4%8De%20od%20domu_10_6.jpg","height":"","width":""},"keywords":null},{"@type":"Article","@id":"https:\/\/www.sonico.cz\/cim-bychom-se-meli-ridit-pri-vyberu-zabradli-na-balkon\/","headline":"\u010c\u00edm bychom se m\u011bli \u0159\u00eddit p\u0159i v\u00fdb\u011bru z\u00e1bradl\u00ed na balk\u00f3n","url":"https:\/\/www.sonico.cz\/cim-bychom-se-meli-ridit-pri-vyberu-zabradli-na-balkon\/","datePublished":"2020-04-19","dateModified":"2023-05-05","mainEntityOfPage":"https:\/\/www.sonico.cz\/cim-bychom-se-meli-ridit-pri-vyberu-zabradli-na-balkon\/","author":{"@type":"Person","@id":"https:\/\/www.sonico.cz\/author\/#Person","name":"","url":"https:\/\/www.sonico.cz\/author\/","identifier":1,"image":{"@type":"ImageObject","@id":"https:\/\/secure.gravatar.com\/avatar\/b70ca3e57a61efa655568ea1bab21ec867ae74beaf8b182b9ca53fe6fcb8cee7?s=96&d=mm&r=g","url":"https:\/\/secure.gravatar.com\/avatar\/b70ca3e57a61efa655568ea1bab21ec867ae74beaf8b182b9ca53fe6fcb8cee7?s=96&d=mm&r=g","height":96,"width":96}},"publisher":{"@type":"Organization","name":"sonico.cz","logo":{"@type":"ImageObject","@id":"\/logo.png","url":"\/logo.png","width":600,"height":60}},"image":{"@type":"ImageObject","@id":"https:\/\/sonico.cz\/wp-content\/uploads\/hypoteka6_10_10_8.jpg","url":"https:\/\/sonico.cz\/wp-content\/uploads\/hypoteka6_10_10_8.jpg","height":"","width":""},"keywords":null},{"@type":"Article","@id":"https:\/\/www.sonico.cz\/skvrna-na-koberci-zavolejte-profesionaly\/","headline":"Skvrna na koberci? Zavolejte profesion\u00e1ly!","url":"https:\/\/www.sonico.cz\/skvrna-na-koberci-zavolejte-profesionaly\/","datePublished":"2020-02-18","dateModified":"2023-05-05","mainEntityOfPage":"https:\/\/www.sonico.cz\/skvrna-na-koberci-zavolejte-profesionaly\/","author":{"@type":"Person","@id":"https:\/\/www.sonico.cz\/author\/#Person","name":"","url":"https:\/\/www.sonico.cz\/author\/","identifier":1,"image":{"@type":"ImageObject","@id":"https:\/\/secure.gravatar.com\/avatar\/b70ca3e57a61efa655568ea1bab21ec867ae74beaf8b182b9ca53fe6fcb8cee7?s=96&d=mm&r=g","url":"https:\/\/secure.gravatar.com\/avatar\/b70ca3e57a61efa655568ea1bab21ec867ae74beaf8b182b9ca53fe6fcb8cee7?s=96&d=mm&r=g","height":96,"width":96}},"publisher":{"@type":"Organization","name":"sonico.cz","logo":{"@type":"ImageObject","@id":"\/logo.png","url":"\/logo.png","width":600,"height":60}},"image":{"@type":"ImageObject","@id":"https:\/\/sonico.cz\/wp-content\/uploads\/koberec%20d%C4%9Btsk%C3%BD%20pokoj.jpeg","url":"https:\/\/sonico.cz\/wp-content\/uploads\/koberec%20d%C4%9Btsk%C3%BD%20pokoj.jpeg","height":"","width":""},"keywords":null}]}