{"@context":"https:\/\/schema.org\/","@type":"CollectionPage","@id":"https:\/\/www.sonico.cz\/nezarazene\/#CollectionPage","headline":"Neza\u0159azen\u00e9 Category","description":"","url":"https:\/\/www.sonico.cz\/nezarazene\/","hasPart":[{"@type":"Article","@id":"https:\/\/www.sonico.cz\/nejlepsi-pujcka-jednoznacne-ta-americka\/","headline":"Nejlep\u0161\u00ed p\u016fj\u010dka \u2013 jednozna\u010dn\u011b ta americk\u00e1!","url":"https:\/\/www.sonico.cz\/nejlepsi-pujcka-jednoznacne-ta-americka\/","datePublished":"2018-05-07","dateModified":"2023-05-05","mainEntityOfPage":"https:\/\/www.sonico.cz\/nejlepsi-pujcka-jednoznacne-ta-americka\/","author":{"@type":"Person","@id":"https:\/\/www.sonico.cz\/author\/#Person","name":"","url":"https:\/\/www.sonico.cz\/author\/","identifier":1,"image":{"@type":"ImageObject","@id":"https:\/\/secure.gravatar.com\/avatar\/b70ca3e57a61efa655568ea1bab21ec867ae74beaf8b182b9ca53fe6fcb8cee7?s=96&d=mm&r=g","url":"https:\/\/secure.gravatar.com\/avatar\/b70ca3e57a61efa655568ea1bab21ec867ae74beaf8b182b9ca53fe6fcb8cee7?s=96&d=mm&r=g","height":96,"width":96}},"publisher":{"@type":"Organization","name":"sonico.cz","logo":{"@type":"ImageObject","@id":"\/logo.png","url":"\/logo.png","width":600,"height":60}},"image":{"@type":"ImageObject","@id":"https:\/\/sonico.cz\/wp-content\/uploads\/img_a343811_w3185_t1557207369.jpg","url":"https:\/\/sonico.cz\/wp-content\/uploads\/img_a343811_w3185_t1557207369.jpg","height":"","width":""},"keywords":null},{"@type":"Article","@id":"https:\/\/www.sonico.cz\/vlakovy-portal-ceskych-drah\/","headline":"Vlakov\u00fd port\u00e1l \u010cesk\u00fdch drah","url":"https:\/\/www.sonico.cz\/vlakovy-portal-ceskych-drah\/","datePublished":"2018-03-30","dateModified":"2023-05-05","mainEntityOfPage":"https:\/\/www.sonico.cz\/vlakovy-portal-ceskych-drah\/","author":{"@type":"Person","@id":"https:\/\/www.sonico.cz\/author\/#Person","name":"","url":"https:\/\/www.sonico.cz\/author\/","identifier":1,"image":{"@type":"ImageObject","@id":"https:\/\/secure.gravatar.com\/avatar\/b70ca3e57a61efa655568ea1bab21ec867ae74beaf8b182b9ca53fe6fcb8cee7?s=96&d=mm&r=g","url":"https:\/\/secure.gravatar.com\/avatar\/b70ca3e57a61efa655568ea1bab21ec867ae74beaf8b182b9ca53fe6fcb8cee7?s=96&d=mm&r=g","height":96,"width":96}},"publisher":{"@type":"Organization","name":"sonico.cz","logo":{"@type":"ImageObject","@id":"\/logo.png","url":"\/logo.png","width":600,"height":60}},"image":{"@type":"ImageObject","@id":"https:\/\/sonico.cz\/wp-content\/uploads\/img_a341235_w2529_t1553956264.jpg","url":"https:\/\/sonico.cz\/wp-content\/uploads\/img_a341235_w2529_t1553956264.jpg","height":"","width":""},"keywords":null},{"@type":"Article","@id":"https:\/\/www.sonico.cz\/kdyz-nam-zuby-doslouzi\/","headline":"Kdy\u017e n\u00e1m zuby doslou\u017e\u00ed","url":"https:\/\/www.sonico.cz\/kdyz-nam-zuby-doslouzi\/","datePublished":"2018-02-02","dateModified":"2023-05-05","mainEntityOfPage":"https:\/\/www.sonico.cz\/kdyz-nam-zuby-doslouzi\/","author":{"@type":"Person","@id":"https:\/\/www.sonico.cz\/author\/#Person","name":"","url":"https:\/\/www.sonico.cz\/author\/","identifier":1,"image":{"@type":"ImageObject","@id":"https:\/\/secure.gravatar.com\/avatar\/b70ca3e57a61efa655568ea1bab21ec867ae74beaf8b182b9ca53fe6fcb8cee7?s=96&d=mm&r=g","url":"https:\/\/secure.gravatar.com\/avatar\/b70ca3e57a61efa655568ea1bab21ec867ae74beaf8b182b9ca53fe6fcb8cee7?s=96&d=mm&r=g","height":96,"width":96}},"publisher":{"@type":"Organization","name":"sonico.cz","logo":{"@type":"ImageObject","@id":"\/logo.png","url":"\/logo.png","width":600,"height":60}},"image":{"@type":"ImageObject","@id":"https:\/\/sonico.cz\/wp-content\/uploads\/img_a335813_w1961_t1549115752.jpg","url":"https:\/\/sonico.cz\/wp-content\/uploads\/img_a335813_w1961_t1549115752.jpg","height":"","width":""},"keywords":null},{"@type":"Article","@id":"https:\/\/www.sonico.cz\/oslava-jak-se-patri\/","headline":"Oslava, jak se pat\u0159\u00ed","url":"https:\/\/www.sonico.cz\/oslava-jak-se-patri\/","datePublished":"2018-01-28","dateModified":"2023-05-05","mainEntityOfPage":"https:\/\/www.sonico.cz\/oslava-jak-se-patri\/","author":{"@type":"Person","@id":"https:\/\/www.sonico.cz\/author\/#Person","name":"","url":"https:\/\/www.sonico.cz\/author\/","identifier":1,"image":{"@type":"ImageObject","@id":"https:\/\/secure.gravatar.com\/avatar\/b70ca3e57a61efa655568ea1bab21ec867ae74beaf8b182b9ca53fe6fcb8cee7?s=96&d=mm&r=g","url":"https:\/\/secure.gravatar.com\/avatar\/b70ca3e57a61efa655568ea1bab21ec867ae74beaf8b182b9ca53fe6fcb8cee7?s=96&d=mm&r=g","height":96,"width":96}},"publisher":{"@type":"Organization","name":"sonico.cz","logo":{"@type":"ImageObject","@id":"\/logo.png","url":"\/logo.png","width":600,"height":60}},"image":{"@type":"ImageObject","@id":"https:\/\/sonico.cz\/wp-content\/uploads\/img_a335359_w2497_t1548674293.jpg","url":"https:\/\/sonico.cz\/wp-content\/uploads\/img_a335359_w2497_t1548674293.jpg","height":"","width":""},"keywords":null},{"@type":"Article","@id":"https:\/\/www.sonico.cz\/ohebny-telefon\/","headline":"Ohebn\u00fd telefon","url":"https:\/\/www.sonico.cz\/ohebny-telefon\/","datePublished":"2018-01-22","dateModified":"2023-05-05","mainEntityOfPage":"https:\/\/www.sonico.cz\/ohebny-telefon\/","author":{"@type":"Person","@id":"https:\/\/www.sonico.cz\/author\/#Person","name":"","url":"https:\/\/www.sonico.cz\/author\/","identifier":1,"image":{"@type":"ImageObject","@id":"https:\/\/secure.gravatar.com\/avatar\/b70ca3e57a61efa655568ea1bab21ec867ae74beaf8b182b9ca53fe6fcb8cee7?s=96&d=mm&r=g","url":"https:\/\/secure.gravatar.com\/avatar\/b70ca3e57a61efa655568ea1bab21ec867ae74beaf8b182b9ca53fe6fcb8cee7?s=96&d=mm&r=g","height":96,"width":96}},"publisher":{"@type":"Organization","name":"sonico.cz","logo":{"@type":"ImageObject","@id":"\/logo.png","url":"\/logo.png","width":600,"height":60}},"image":{"@type":"ImageObject","@id":"https:\/\/sonico.cz\/wp-content\/uploads\/img_a334569_w2801_t1548182721.jpg","url":"https:\/\/sonico.cz\/wp-content\/uploads\/img_a334569_w2801_t1548182721.jpg","height":"","width":""},"keywords":null},{"@type":"Article","@id":"https:\/\/www.sonico.cz\/detsky-sedaci-vak-prakticky-originalni-doplnek-do-interieru\/","headline":"D\u011btsk\u00fd sedac\u00ed vak \u2013 praktick\u00fd origin\u00e1ln\u00ed dopln\u011bk do interi\u00e9ru","url":"https:\/\/www.sonico.cz\/detsky-sedaci-vak-prakticky-originalni-doplnek-do-interieru\/","datePublished":"2017-10-17","dateModified":"2023-05-05","mainEntityOfPage":"https:\/\/www.sonico.cz\/detsky-sedaci-vak-prakticky-originalni-doplnek-do-interieru\/","author":{"@type":"Person","@id":"https:\/\/www.sonico.cz\/author\/#Person","name":"","url":"https:\/\/www.sonico.cz\/author\/","identifier":1,"image":{"@type":"ImageObject","@id":"https:\/\/secure.gravatar.com\/avatar\/b70ca3e57a61efa655568ea1bab21ec867ae74beaf8b182b9ca53fe6fcb8cee7?s=96&d=mm&r=g","url":"https:\/\/secure.gravatar.com\/avatar\/b70ca3e57a61efa655568ea1bab21ec867ae74beaf8b182b9ca53fe6fcb8cee7?s=96&d=mm&r=g","height":96,"width":96}},"publisher":{"@type":"Organization","name":"sonico.cz","logo":{"@type":"ImageObject","@id":"\/logo.png","url":"\/logo.png","width":600,"height":60}},"image":{"@type":"ImageObject","@id":"https:\/\/sonico.cz\/wp-content\/uploads\/img_a327462_w1765_t1539767909.png","url":"https:\/\/sonico.cz\/wp-content\/uploads\/img_a327462_w1765_t1539767909.png","height":"","width":""},"keywords":null},{"@type":"Article","@id":"https:\/\/www.sonico.cz\/pujcka-ke-splneni-snu\/","headline":"P\u016fj\u010dka ke spln\u011bn\u00ed snu","url":"https:\/\/www.sonico.cz\/pujcka-ke-splneni-snu\/","datePublished":"2017-07-26","dateModified":"2023-05-05","mainEntityOfPage":"https:\/\/www.sonico.cz\/pujcka-ke-splneni-snu\/","author":{"@type":"Person","@id":"https:\/\/www.sonico.cz\/author\/#Person","name":"","url":"https:\/\/www.sonico.cz\/author\/","identifier":1,"image":{"@type":"ImageObject","@id":"https:\/\/secure.gravatar.com\/avatar\/b70ca3e57a61efa655568ea1bab21ec867ae74beaf8b182b9ca53fe6fcb8cee7?s=96&d=mm&r=g","url":"https:\/\/secure.gravatar.com\/avatar\/b70ca3e57a61efa655568ea1bab21ec867ae74beaf8b182b9ca53fe6fcb8cee7?s=96&d=mm&r=g","height":96,"width":96}},"publisher":{"@type":"Organization","name":"sonico.cz","logo":{"@type":"ImageObject","@id":"\/logo.png","url":"\/logo.png","width":600,"height":60}},"image":{"@type":"ImageObject","@id":"https:\/\/sonico.cz\/wp-content\/uploads\/img_a321306_w2018_t1532587531.jpg","url":"https:\/\/sonico.cz\/wp-content\/uploads\/img_a321306_w2018_t1532587531.jpg","height":"","width":""},"keywords":null},{"@type":"Article","@id":"https:\/\/www.sonico.cz\/otevreme-dvere-zakaznikum\/","headline":"Otev\u0159eme dve\u0159e z\u00e1kazn\u00edk\u016fm","url":"https:\/\/www.sonico.cz\/otevreme-dvere-zakaznikum\/","datePublished":"2017-06-04","dateModified":"2023-05-05","mainEntityOfPage":"https:\/\/www.sonico.cz\/otevreme-dvere-zakaznikum\/","author":{"@type":"Person","@id":"https:\/\/www.sonico.cz\/author\/#Person","name":"","url":"https:\/\/www.sonico.cz\/author\/","identifier":1,"image":{"@type":"ImageObject","@id":"https:\/\/secure.gravatar.com\/avatar\/b70ca3e57a61efa655568ea1bab21ec867ae74beaf8b182b9ca53fe6fcb8cee7?s=96&d=mm&r=g","url":"https:\/\/secure.gravatar.com\/avatar\/b70ca3e57a61efa655568ea1bab21ec867ae74beaf8b182b9ca53fe6fcb8cee7?s=96&d=mm&r=g","height":96,"width":96}},"publisher":{"@type":"Organization","name":"sonico.cz","logo":{"@type":"ImageObject","@id":"\/logo.png","url":"\/logo.png","width":600,"height":60}},"image":{"@type":"ImageObject","@id":"https:\/\/sonico.cz\/wp-content\/uploads\/img_a317359_w2042_t1528111856.png","url":"https:\/\/sonico.cz\/wp-content\/uploads\/img_a317359_w2042_t1528111856.png","height":"","width":""},"keywords":null},{"@type":"Article","@id":"https:\/\/www.sonico.cz\/vysledky-se-kterymi-budete-spokojeni\/","headline":"V\u00fdsledky, se kter\u00fdmi budete spokojeni","url":"https:\/\/www.sonico.cz\/vysledky-se-kterymi-budete-spokojeni\/","datePublished":"2017-05-30","dateModified":"2023-05-05","mainEntityOfPage":"https:\/\/www.sonico.cz\/vysledky-se-kterymi-budete-spokojeni\/","author":{"@type":"Person","@id":"https:\/\/www.sonico.cz\/author\/#Person","name":"","url":"https:\/\/www.sonico.cz\/author\/","identifier":1,"image":{"@type":"ImageObject","@id":"https:\/\/secure.gravatar.com\/avatar\/b70ca3e57a61efa655568ea1bab21ec867ae74beaf8b182b9ca53fe6fcb8cee7?s=96&d=mm&r=g","url":"https:\/\/secure.gravatar.com\/avatar\/b70ca3e57a61efa655568ea1bab21ec867ae74beaf8b182b9ca53fe6fcb8cee7?s=96&d=mm&r=g","height":96,"width":96}},"publisher":{"@type":"Organization","name":"sonico.cz","logo":{"@type":"ImageObject","@id":"\/logo.png","url":"\/logo.png","width":600,"height":60}},"image":{"@type":"ImageObject","@id":"https:\/\/sonico.cz\/wp-content\/uploads\/img_a316728_w2387_t1527669013.png","url":"https:\/\/sonico.cz\/wp-content\/uploads\/img_a316728_w2387_t1527669013.png","height":"","width":""},"keywords":null},{"@type":"Article","@id":"https:\/\/www.sonico.cz\/b2c-neboli-obchodnik-zakaznikovi\/","headline":"B2C neboli obchodn\u00edk z\u00e1kazn\u00edkovi","url":"https:\/\/www.sonico.cz\/b2c-neboli-obchodnik-zakaznikovi\/","datePublished":"2017-05-14","dateModified":"2023-05-05","mainEntityOfPage":"https:\/\/www.sonico.cz\/b2c-neboli-obchodnik-zakaznikovi\/","author":{"@type":"Person","@id":"https:\/\/www.sonico.cz\/author\/#Person","name":"","url":"https:\/\/www.sonico.cz\/author\/","identifier":1,"image":{"@type":"ImageObject","@id":"https:\/\/secure.gravatar.com\/avatar\/b70ca3e57a61efa655568ea1bab21ec867ae74beaf8b182b9ca53fe6fcb8cee7?s=96&d=mm&r=g","url":"https:\/\/secure.gravatar.com\/avatar\/b70ca3e57a61efa655568ea1bab21ec867ae74beaf8b182b9ca53fe6fcb8cee7?s=96&d=mm&r=g","height":96,"width":96}},"publisher":{"@type":"Organization","name":"sonico.cz","logo":{"@type":"ImageObject","@id":"\/logo.png","url":"\/logo.png","width":600,"height":60}},"image":{"@type":"ImageObject","@id":"https:\/\/sonico.cz\/wp-content\/uploads\/img_a315471_w1943_t1526322657.jpg","url":"https:\/\/sonico.cz\/wp-content\/uploads\/img_a315471_w1943_t1526322657.jpg","height":"","width":""},"keywords":null}]}