[{"@context":"https:\/\/schema.org\/","@type":"Article","@id":"https:\/\/www.sonico.cz\/profesionalni-foceni-v-okoli-zlina\/#Article","mainEntityOfPage":"https:\/\/www.sonico.cz\/profesionalni-foceni-v-okoli-zlina\/","headline":"Profesion\u00e1ln\u00ed focen\u00ed v okol\u00ed Zl\u00edna","name":"Profesion\u00e1ln\u00ed focen\u00ed v okol\u00ed Zl\u00edna","description":"Mnoho lid\u00ed si zakl\u00e1d\u00e1 na zaznamen\u00e1n\u00ed jejich podstatn\u011b obratn\u00fdch moment\u016f v r\u016fzn\u00fdch f\u00e1z\u00edch jejich existence. Mezi jednu z nejv\u00fdznamn\u011bj\u0161\u00edch chvil, kter\u00e1 b\u011b\u017en\u00e9ho \u010dlov\u011bka potk\u00e1 a pozm\u011bn\u00ed, pat\u0159\u00ed p\u0159\u00edchod miminka. Po\u010d\u00e1tek jeho \u017eivotn\u00ed cesty si proto chce zv\u011b\u010dnit nejeden rodi\u010d. Nehled\u011b na to, zda jste teprve z\u00edskali skv\u011bl\u00e9 zpr\u00e1vy o vyda\u0159en\u00e9m t\u011bhotenstv\u00ed, a tak ji\u017e pl\u00e1nujete v\u0161echny detaily dop\u0159edu, V\u00e1\u0161 porod je t\u00e9m\u011b\u0159 za dve\u0159mi, p\u0159i\u010dem\u017e v\u011bci \u0159e\u0161\u00edme a\u017e na posledn\u00ed chv\u00edli, nebo se Va\u0161e miminko n\u011bjak\u00fd ten p\u00e1tek kr\u00e1sou sv\u011bta koch\u00e1, ale Vy jste dosud nepo\u0159\u00eddili takov\u00e9 sn\u00edmky, je\u017e byste si ide\u00e1ln\u011b p\u0159edstavovali. Zkr\u00e1tka pokud i V\u00e1m z\u00e1le\u017e\u00ed na vlastn\u011bn\u00ed \u0159ady podklad\u016f slou\u017e\u00edc\u00edch jako zachycen\u00ed vzpom\u00ednek, m\u016f\u017eete si nechat vystavit takovou pam\u00e1tku od dlouholet\u00e9ho profesion\u00e1la. Naj\u00edt cenov\u011b i kvalitou adekv\u00e1tn\u00edho fotografa Zl\u00edna okol\u00ed, kter\u00fd se nav\u00edc zam\u011b\u0159uje na uveden\u00e9 prvky, ji\u017e nyn\u00ed nemus\u00ed znamenat v\u016fbec \u017e\u00e1dn\u00fd probl\u00e9m. Fotografov\u00e1n\u00ed lze ozna\u010dit za jeden z nejroz\u0161\u00ed\u0159en\u011bj\u0161\u00edch zp\u016fsob\u016f vyu\u017e\u00edv\u00e1n\u00ed modern\u00edch technologi\u00ed a ve\u0161ker\u00fdch elektronick\u00fdch prost\u0159edk\u016f dne\u0161n\u00ed doby, nicm\u00e9n\u011b dov\u00e9st podobu jeho v\u00fdsledk\u016f k dokonalosti a vystihnout spr\u00e1vn\u00fd moment ji\u017e vy\u017eaduje ur\u010dit\u00e9 schopnosti, \u0159adu zku\u0161enost\u00ed v dan\u00e9m oboru, \u0161petku talentu, a p\u0159edev\u0161\u00edm dostate\u010dn\u00e9 vybaven\u00ed, aby i \u00farove\u0148 odpov\u00eddala vynalo\u017een\u00e9mu \u00fasil\u00ed a viz\u00edm klienta. Na dodr\u017een\u00ed v\u0161ech zm\u00edn\u011bn\u00fdch bod\u016f se zde m\u016f\u017eete s klidn\u00fdm srdcem spolehnout. Jako jedin\u00fd smysl virtu\u00e1ln\u00edch sn\u00edmk\u016f si lid\u00e9 ob\u010das zafixuj\u00ed mo\u017enost pokochat se jejich kr\u00e1sou a minulost\u00ed n\u011bkdy v budoucnu, av\u0161ak t\u00edm to zdaleka nemus\u00ed skon\u010dit. A\u010dkoli se jedn\u00e1 o t\u0159eba jednu jedinou kopii, i p\u0159es objektiv m\u016f\u017eete po\u010d\u00edtat s trefn\u00fdm vyobrazen\u00edm emo\u010dn\u00ed str\u00e1nky jedince a tzv.,,kouzla okam\u017eiku&#8220; &#8211; na n\u011bj\u017e u d\u011bt\u00ed jist\u011b v\u0161ichni r\u00e1di zavzpom\u00edn\u00e1me. To z\u00e1rove\u0148 pom\u016f\u017ee k p\u0159ipomenut\u00ed si p\u0159\u00edb\u011bhu Va\u0161eho potomka.","datePublished":"2020-06-20","dateModified":"2023-10-31","author":{"@type":"Person","@id":"https:\/\/www.sonico.cz\/author\/#Person","name":"","url":"https:\/\/www.sonico.cz\/author\/","identifier":1,"image":{"@type":"ImageObject","@id":"https:\/\/secure.gravatar.com\/avatar\/b70ca3e57a61efa655568ea1bab21ec867ae74beaf8b182b9ca53fe6fcb8cee7?s=96&d=mm&r=g","url":"https:\/\/secure.gravatar.com\/avatar\/b70ca3e57a61efa655568ea1bab21ec867ae74beaf8b182b9ca53fe6fcb8cee7?s=96&d=mm&r=g","height":96,"width":96}},"publisher":{"@type":"Organization","name":"sonico.cz","logo":{"@type":"ImageObject","@id":"\/logo.png","url":"\/logo.png","width":600,"height":60}},"image":{"@type":"ImageObject","@id":"https:\/\/www.sonico.cz\/wp-content\/uploads\/art382769_1x1_20260821_032919_ECRdfz.jpg","url":"https:\/\/www.sonico.cz\/wp-content\/uploads\/art382769_1x1_20260821_032919_ECRdfz.jpg","height":0,"width":0},"url":"https:\/\/www.sonico.cz\/profesionalni-foceni-v-okoli-zlina\/","about":["Firmy"],"wordCount":395,"articleBody":"\tMnoho lid\u00ed si zakl\u00e1d\u00e1 na zaznamen\u00e1n\u00ed jejich podstatn\u011b obratn\u00fdch moment\u016f v r\u016fzn\u00fdch f\u00e1z\u00edch jejich existence. Mezi jednu z nejv\u00fdznamn\u011bj\u0161\u00edch chvil, kter\u00e1 b\u011b\u017en\u00e9ho \u010dlov\u011bka potk\u00e1 a pozm\u011bn\u00ed, pat\u0159\u00ed p\u0159\u00edchod miminka. Po\u010d\u00e1tek jeho \u017eivotn\u00ed cesty si proto chce zv\u011b\u010dnit nejeden rodi\u010d.\tNehled\u011b na to, zda jste teprve z\u00edskali skv\u011bl\u00e9 zpr\u00e1vy o vyda\u0159en\u00e9m t\u011bhotenstv\u00ed, a tak ji\u017e pl\u00e1nujete v\u0161echny detaily dop\u0159edu, V\u00e1\u0161 porod je t\u00e9m\u011b\u0159 za dve\u0159mi, p\u0159i\u010dem\u017e v\u011bci \u0159e\u0161\u00edme a\u017e na posledn\u00ed chv\u00edli, nebo se Va\u0161e miminko n\u011bjak\u00fd ten p\u00e1tek kr\u00e1sou sv\u011bta koch\u00e1, ale Vy jste dosud nepo\u0159\u00eddili takov\u00e9 sn\u00edmky, je\u017e byste si ide\u00e1ln\u011b p\u0159edstavovali. Zkr\u00e1tka pokud i V\u00e1m z\u00e1le\u017e\u00ed na vlastn\u011bn\u00ed \u0159ady podklad\u016f slou\u017e\u00edc\u00edch jako zachycen\u00ed vzpom\u00ednek, m\u016f\u017eete si nechat vystavit takovou pam\u00e1tku od dlouholet\u00e9ho profesion\u00e1la. Naj\u00edt cenov\u011b i kvalitou adekv\u00e1tn\u00edho fotografa Zl\u00edna okol\u00ed, kter\u00fd se nav\u00edc zam\u011b\u0159uje na uveden\u00e9 prvky, ji\u017e nyn\u00ed nemus\u00ed znamenat v\u016fbec \u017e\u00e1dn\u00fd probl\u00e9m.\t\tFotografov\u00e1n\u00ed lze ozna\u010dit za jeden z nejroz\u0161\u00ed\u0159en\u011bj\u0161\u00edch zp\u016fsob\u016f vyu\u017e\u00edv\u00e1n\u00ed modern\u00edch technologi\u00ed a ve\u0161ker\u00fdch elektronick\u00fdch prost\u0159edk\u016f dne\u0161n\u00ed doby, nicm\u00e9n\u011b dov\u00e9st podobu jeho v\u00fdsledk\u016f k dokonalosti a vystihnout spr\u00e1vn\u00fd moment ji\u017e vy\u017eaduje ur\u010dit\u00e9 schopnosti, \u0159adu zku\u0161enost\u00ed v dan\u00e9m oboru, \u0161petku talentu, a p\u0159edev\u0161\u00edm dostate\u010dn\u00e9 vybaven\u00ed, aby i \u00farove\u0148 odpov\u00eddala vynalo\u017een\u00e9mu \u00fasil\u00ed a viz\u00edm klienta. Na dodr\u017een\u00ed v\u0161ech zm\u00edn\u011bn\u00fdch bod\u016f se zde m\u016f\u017eete s klidn\u00fdm srdcem spolehnout.\tJako jedin\u00fd smysl virtu\u00e1ln\u00edch sn\u00edmk\u016f si lid\u00e9 ob\u010das zafixuj\u00ed mo\u017enost pokochat se jejich kr\u00e1sou a minulost\u00ed n\u011bkdy v budoucnu, av\u0161ak t\u00edm to zdaleka nemus\u00ed skon\u010dit. A\u010dkoli se jedn\u00e1 o t\u0159eba jednu jedinou kopii, i p\u0159es objektiv m\u016f\u017eete po\u010d\u00edtat s trefn\u00fdm vyobrazen\u00edm emo\u010dn\u00ed str\u00e1nky jedince a tzv.,,kouzla okam\u017eiku&#8220; &#8211; na n\u011bj\u017e u d\u011bt\u00ed jist\u011b v\u0161ichni r\u00e1di zavzpom\u00edn\u00e1me. To z\u00e1rove\u0148 pom\u016f\u017ee k p\u0159ipomenut\u00ed si p\u0159\u00edb\u011bhu Va\u0161eho potomka.                                                                                                                                                                                                                                                                                                                                                                                                "},{"@context":"https:\/\/schema.org\/","@type":"BreadcrumbList","itemListElement":[{"@type":"ListItem","position":1,"name":"Profesion\u00e1ln\u00ed focen\u00ed v okol\u00ed Zl\u00edna","item":"https:\/\/www.sonico.cz\/profesionalni-foceni-v-okoli-zlina\/#breadcrumbitem"}]}]