[{"@context":"https:\/\/schema.org\/","@type":"Article","@id":"https:\/\/www.sonico.cz\/syn-vsem-vadi\/#Article","mainEntityOfPage":"https:\/\/www.sonico.cz\/syn-vsem-vadi\/","headline":"Syn v\u0161em vad\u00ed","name":"Syn v\u0161em vad\u00ed","description":"M\u00e1te d\u011bti a jste nap\u0159\u00edklad matka samo\u017eivitelka anebo otec samo\u017eivitel? Pokud ano, tak v\u00e1m \u0159eknu, \u017ee je n\u011bkde opravdu obt\u00ed\u017en\u00e9 se potom\u00a0sehnat jin\u00e9ho partnera. J\u00e1 jsem u\u017e dev\u00e1t\u00fdm\u00a0rokem sama, nemohu si naj\u00edt partnera, zkou\u0161ela jsem to s p\u011bti\u00a0partnery, ale v\u017edycky ka\u017ed\u00fd utekl, proto\u017ee je mu vadil m\u016fj syn. Nech\u00e1pu, jak k dosp\u011bl\u00e9mu \u010dlov\u011bku m\u016f\u017ee vadit d\u00edt\u011b. Je mi \u0161estat\u0159icet let a jsem u\u017e dlouho sama,\u00a0jsme sami. Se synem m\u00e1me vlastn\u00ed z\u00e1zem\u00ed. My si vlastn\u011b ne\u017eijeme v\u016fbec \u0161patn\u011b, ale bohu\u017eel pro n\u011bkoho je velik\u00e1 p\u0159ek\u00e1\u017eka m\u016fj syn. M\u016fj syn je toti\u017e opravdu hodn\u011b hyperaktivn\u00ed a je autista a mnoho lid\u00ed tohle nesnese. A to zvl\u00e1\u0161\u0165, pokud si najdu partnera, kter\u00fd nem\u00e1 d\u011bti, proto\u017ee kdyby t\u0159eba partner u\u017e m\u011bl d\u011bti, tak by t\u0159eba zkousl i m\u00e9ho syna. Jenom\u017ee kolikr\u00e1t sl\u00fdch\u00e1m, \u017ee p\u00e1nov\u00e9 si cht\u011bj\u00ed hlavn\u011b u\u017e\u00edt anebo m\u00edt klid takov\u00fd klid, aby si mohli u\u017e\u00edvat se svou novou partnerkou.\u00a0Tud\u00ed\u017e jako se mnou. Jenom\u017ee p\u0159eci ned\u00e1m syna\u00a0pry\u010d, jenom kv\u016fli tomu, \u017ee m\u011b nikdo nechce!\u00a0Podle m\u00e9ho n\u00e1zoru\u00a0tohle je opravdu hloup\u00e9 a moc se mi tyto n\u00e1zory nel\u00edb\u00ed. Kolikr\u00e1t si \u0159\u00edk\u00e1m, \u017ee u\u017e asi na to budu rezignovat a z\u016fstanu se synem\u00a0pouze jenom sama.\u00a0Nel\u00edb\u00ed se mi to. Jenom\u017ee co s t\u00edm ud\u011bl\u00e1m? Mnoho lid\u00ed mi \u0159\u00edk\u00e1, \u017ee se m\u00e1m\u00a0na to vyka\u0161lat a \u017ee\u00a0m\u00e1m v\u0161emu nechat\u00a0voln\u00fd pr\u016fb\u011bh. Jenom\u017ee j\u00e1 tohle nech\u00e1v\u00e1m. Nem\u00e1m \u017e\u00e1dnou seznamku. Ale \u0159ekla jsem si, \u017ee si seznamku asi ud\u011bl\u00e1m. A nap\u00ed\u0161u tam, \u017ee m\u00e1m syna autistu, a\u0165 s n\u00edm jednodu\u0161e ka\u017ed\u00fd po\u010d\u00edt\u00e1. \u0158eknu v\u00e1m ale, \u017ee je to velice slo\u017eit\u00e9. Jsem hodn\u011b stydliv\u00fd \u010dlov\u011bk a nerada d\u00e1v\u00e1m na internet sv\u00e9 fotografie. Syna tam rozhodn\u011b ned\u00e1m. Ale kdybych musela d\u011blat n\u011bjakou seznamku, tak bych tam musela d\u00e1t samoz\u0159ejm\u011b sv\u00e9 fotografie, i kdy\u017e nerada. Ale \u0159ekla jsem si, \u017ee tohle zkus\u00edm, nic jin\u00e9ho v\u00a0tom nevid\u00edm. Jin\u00fd n\u00e1pad rozhodn\u011b nem\u00e1m, a tak jsem si \u0159ekla, \u017ee to bude bu\u010f anebo. P\u0159\u00ed\u0161t\u00ed m\u011bs\u00edc to ud\u011bl\u00e1m tak, \u017ee si ud\u011bl\u00e1m inzer\u00e1t a bu\u010f m\u011b n\u011bkdo bude cht\u00edt i se synem. Anebo ne.\u00a0Jestli nikoho nenajdu do jednoho\u00a0roku, tak samoz\u0159ejm\u011b \u017ee u\u017e asi budu sama. U\u017e m\u011b hled\u00e1n\u00ed nebav\u00ed.\u00a0 4.1\/5 - (10 votes)","datePublished":"2024-09-11","dateModified":"2024-09-11","author":{"@type":"Person","@id":"https:\/\/www.sonico.cz\/author\/#Person","name":"","url":"https:\/\/www.sonico.cz\/author\/","identifier":1,"image":{"@type":"ImageObject","@id":"https:\/\/secure.gravatar.com\/avatar\/b70ca3e57a61efa655568ea1bab21ec867ae74beaf8b182b9ca53fe6fcb8cee7?s=96&d=mm&r=g","url":"https:\/\/secure.gravatar.com\/avatar\/b70ca3e57a61efa655568ea1bab21ec867ae74beaf8b182b9ca53fe6fcb8cee7?s=96&d=mm&r=g","height":96,"width":96}},"publisher":{"@type":"Organization","name":"sonico.cz","logo":{"@type":"ImageObject","@id":"\/logo.png","url":"\/logo.png","width":600,"height":60}},"image":{"@type":"ImageObject","@id":"https:\/\/www.sonico.cz\/wp-content\/uploads\/girl-7008608_960_720.jpg","url":"https:\/\/www.sonico.cz\/wp-content\/uploads\/girl-7008608_960_720.jpg","height":0,"width":0},"url":"https:\/\/www.sonico.cz\/syn-vsem-vadi\/","about":["D\u011bti"],"wordCount":470,"articleBody":"M\u00e1te d\u011bti a jste nap\u0159\u00edklad matka samo\u017eivitelka anebo otec samo\u017eivitel? Pokud ano, tak v\u00e1m \u0159eknu, \u017ee je n\u011bkde opravdu obt\u00ed\u017en\u00e9 se potom\u00a0sehnat jin\u00e9ho partnera. J\u00e1 jsem u\u017e dev\u00e1t\u00fdm\u00a0rokem sama, nemohu si naj\u00edt partnera, zkou\u0161ela jsem to s p\u011bti\u00a0partnery, ale v\u017edycky ka\u017ed\u00fd utekl, proto\u017ee je mu vadil m\u016fj syn. Nech\u00e1pu, jak k dosp\u011bl\u00e9mu \u010dlov\u011bku m\u016f\u017ee vadit d\u00edt\u011b. Je mi \u0161estat\u0159icet let a jsem u\u017e dlouho sama,\u00a0jsme sami. Se synem m\u00e1me vlastn\u00ed z\u00e1zem\u00ed. My si vlastn\u011b ne\u017eijeme v\u016fbec \u0161patn\u011b, ale bohu\u017eel pro n\u011bkoho je velik\u00e1 p\u0159ek\u00e1\u017eka m\u016fj syn. M\u016fj syn je toti\u017e opravdu hodn\u011b hyperaktivn\u00ed a je autista a mnoho lid\u00ed tohle nesnese. A to zvl\u00e1\u0161\u0165, pokud si najdu partnera, kter\u00fd nem\u00e1 d\u011bti, proto\u017ee kdyby t\u0159eba partner u\u017e m\u011bl d\u011bti, tak by t\u0159eba zkousl i m\u00e9ho syna. Jenom\u017ee kolikr\u00e1t sl\u00fdch\u00e1m, \u017ee p\u00e1nov\u00e9 si cht\u011bj\u00ed hlavn\u011b u\u017e\u00edt anebo m\u00edt klid takov\u00fd klid, aby si mohli u\u017e\u00edvat se svou novou partnerkou.\u00a0Tud\u00ed\u017e jako se mnou. Jenom\u017ee p\u0159eci ned\u00e1m syna\u00a0pry\u010d, jenom kv\u016fli tomu, \u017ee m\u011b nikdo nechce!\u00a0Podle m\u00e9ho n\u00e1zoru\u00a0tohle je opravdu hloup\u00e9 a moc se mi tyto n\u00e1zory nel\u00edb\u00ed. Kolikr\u00e1t si \u0159\u00edk\u00e1m, \u017ee u\u017e asi na to budu rezignovat a z\u016fstanu se synem\u00a0pouze jenom sama.\u00a0Nel\u00edb\u00ed se mi to. Jenom\u017ee co s t\u00edm ud\u011bl\u00e1m?Mnoho lid\u00ed mi \u0159\u00edk\u00e1, \u017ee se m\u00e1m\u00a0na to vyka\u0161lat a \u017ee\u00a0m\u00e1m v\u0161emu nechat\u00a0voln\u00fd pr\u016fb\u011bh. Jenom\u017ee j\u00e1 tohle nech\u00e1v\u00e1m. Nem\u00e1m \u017e\u00e1dnou seznamku. Ale \u0159ekla jsem si, \u017ee si seznamku asi ud\u011bl\u00e1m. A nap\u00ed\u0161u tam, \u017ee m\u00e1m syna autistu, a\u0165 s n\u00edm jednodu\u0161e ka\u017ed\u00fd po\u010d\u00edt\u00e1. \u0158eknu v\u00e1m ale, \u017ee je to velice slo\u017eit\u00e9. Jsem hodn\u011b stydliv\u00fd \u010dlov\u011bk a nerada d\u00e1v\u00e1m na internet sv\u00e9 fotografie. Syna tam rozhodn\u011b ned\u00e1m. Ale kdybych musela d\u011blat n\u011bjakou seznamku, tak bych tam musela d\u00e1t samoz\u0159ejm\u011b sv\u00e9 fotografie, i kdy\u017e nerada. Ale \u0159ekla jsem si, \u017ee tohle zkus\u00edm, nic jin\u00e9ho v\u00a0tom nevid\u00edm. Jin\u00fd n\u00e1pad rozhodn\u011b nem\u00e1m, a tak jsem si \u0159ekla, \u017ee to bude bu\u010f anebo. P\u0159\u00ed\u0161t\u00ed m\u011bs\u00edc to ud\u011bl\u00e1m tak, \u017ee si ud\u011bl\u00e1m inzer\u00e1t a bu\u010f m\u011b n\u011bkdo bude cht\u00edt i se synem. Anebo ne.\u00a0Jestli nikoho nenajdu do jednoho\u00a0roku, tak samoz\u0159ejm\u011b \u017ee u\u017e asi budu sama. U\u017e m\u011b hled\u00e1n\u00ed nebav\u00ed.\u00a0                                                                                                                                                                                                                                                                                                                                                                                        4.1\/5 - (10 votes)        "},{"@context":"https:\/\/schema.org\/","@type":"BreadcrumbList","itemListElement":[{"@type":"ListItem","position":1,"name":"Syn v\u0161em vad\u00ed","item":"https:\/\/www.sonico.cz\/syn-vsem-vadi\/#breadcrumbitem"}]}]