[{"@context":"https:\/\/schema.org\/","@type":"Article","@id":"https:\/\/www.sonico.cz\/vzpominka-na-vzacnou-zenu\/#Article","mainEntityOfPage":"https:\/\/www.sonico.cz\/vzpominka-na-vzacnou-zenu\/","headline":"Vzpom\u00ednka na vz\u00e1cnou \u017eenu","name":"Vzpom\u00ednka na vz\u00e1cnou \u017eenu","description":"Meda Ml\u00e1dkov\u00e1, sb\u011bratelka um\u011bn\u00ed, histori\u010dka, kur\u00e1torka, mecen\u00e1\u0161ka. Ale p\u0159edev\u0161\u00edm vz\u00e1cn\u00e1 \u017eena, jak\u00fdch\u00a0se rod\u00ed m\u00e1lo. Cel\u00fdm sv\u00fdm \u017eivotem, ve kter\u00e9m stihla ud\u011blat tolik pro na\u0161\u00ed v\u00fdtvarnou kulturu, dok\u00e1zala, \u017ee \u017e\u00edt podle hesla Pokud m\u016f\u017ee\u0161, ud\u011blej, se vyplat\u00ed. Nic z toho, co d\u011blala, nebylo nikdy pro jej\u00ed vlastn\u00ed prosp\u011bch. Na pam\u011bti m\u011bla moto sv\u00e9ho mu\u017ee, se kter\u00fdm zalo\u017eila Nadaci Jana a Medy Ml\u00e1dkov\u00fdch: Vydr\u017e\u00ed-li kultura, p\u0159e\u017eije n\u00e1rod. Meda Ml\u00e1dkov\u00e1 se narodila v roce 1919. V rodin\u011b sl\u00e1dka z\u00e1meck\u00e9ho pivovaru. V roce 1936 ukon\u010dila studium na Tane\u010dn\u00ed \u0161kole v Praze. V roce 1946 se p\u0159est\u011bhovala do \u017denevy, kde se rozhodla z\u00edskat kvalitn\u00ed vzd\u011bl\u00e1n\u00ed. Na \u0161koln\u00e9 se vyd\u011bl\u00e1vala tan\u010den\u00edm. Studium \u00fasp\u011b\u0161n\u011b zakon\u010dila doktor\u00e1tem v oboru ekonomie. Po roce 1948 se rozhodla z\u016fstat v exilu. Zapojila se do redak\u010dn\u00ed pr\u00e1ce \u010dasopisu Skute\u010dnost. Jeho\u017e p\u0159isp\u00edvateli byli Ferdinand Peroutka a Pavel Tigrid. V t\u00e9 dob\u011b pom\u00e1hala sh\u00e1n\u011bt pen\u00edze pro \u010deskoslovensk\u00e9 uprchl\u00edky. Aby z\u00edskala belgick\u00e9 ob\u010danstv\u00ed,\u00a0roce 1949 se provdala. Za mu\u017ee se \u0161lechtick\u00fdm titulem, se kter\u00fdm nav\u0161t\u00edvila \u0159adu evropsk\u00fdch galeri\u00ed a muze\u00ed. V roce 1955 zapo\u010dala studia v\u00fdtvarn\u00e9ho um\u011bn\u00ed na Sorbonn\u011b. Kde se seznamuje s Franti\u0161kem Kupkou. A je\u0161t\u011b p\u0159ed jeho smrt\u00ed v roce 1957 se j\u00ed poda\u0159\u00ed shrom\u00e1\u017edit nejv\u011bt\u0161\u00ed sb\u00edrku jeho obraz\u016f. V roce 1960 se\u00a0ve Washingtonu, kde studuje literaturu a um\u011bn\u00ed, seznamuje s Janem Ml\u00e1dkem, s n\u00edm\u017e\u00a0uzav\u00edr\u00e1 druh\u00e9 man\u017eelstv\u00ed. Osudov\u00fd mu\u017e, se kter\u00fdm za\u010dala provozovat um\u011bleck\u00fd sal\u00f3n a budovat sb\u00edrku obraz\u016f, kter\u00e9 svou kvalitou poutaly pozornost. Jak v\u00fdtvarn\u00edk\u016f, tak \u0161irok\u00e9 ve\u0159ejnosti. V roce 1990 se Meda Ml\u00e1dkov\u00e1 vrac\u00ed do Prahy. S velkolep\u00fdm pl\u00e1nem darovat velkolepou sb\u00edrku hlavn\u00edmu m\u011bstu. Trv\u00e1 to deset let, ne\u017e se poda\u0159\u00ed zrekonstruovat zch\u00e1tral\u00e9 Sovovy ml\u00fdny. A otev\u0159\u00edt galerii, ve kter\u00e9 je mo\u017en\u00e9 vz\u00e1cn\u00e9 obrazy vystavit. Nakonec se sen Medy a Jana Ml\u00e1dkov\u00fdch spln\u00ed. A roce 2003 je otev\u0159eno i Museum Kampa. Ocen\u011bn\u00ed, kter\u00fdch\u00a0se t\u00e9to \u017een\u011b dostalo, Medaile za z\u00e1sluhy, Artis Bohemiae Amicis, \u0158\u00e1d zlat\u00e9 l\u00edpy, Mecen\u00e1\u0161 \u010desk\u00e9 kultury, nedok\u00e1\u017eou\u00a0vyj\u00e1d\u0159it obdiv a pod\u011bkov\u00e1n\u00ed za jej\u00ed neskute\u010dn\u00fd p\u0159\u00ednos \u010desk\u00e9 kultu\u0159e. Jm\u00e9no Medy Ml\u00e1dkov\u00e9 nese i planetka 29419. 4.7\/5 - (7 votes)","datePublished":"2021-05-04","dateModified":"2023-05-05","author":{"@type":"Person","@id":"https:\/\/www.sonico.cz\/author\/#Person","name":"","url":"https:\/\/www.sonico.cz\/author\/","identifier":1,"image":{"@type":"ImageObject","@id":"https:\/\/secure.gravatar.com\/avatar\/b70ca3e57a61efa655568ea1bab21ec867ae74beaf8b182b9ca53fe6fcb8cee7?s=96&d=mm&r=g","url":"https:\/\/secure.gravatar.com\/avatar\/b70ca3e57a61efa655568ea1bab21ec867ae74beaf8b182b9ca53fe6fcb8cee7?s=96&d=mm&r=g","height":96,"width":96}},"publisher":{"@type":"Organization","name":"sonico.cz","logo":{"@type":"ImageObject","@id":"\/logo.png","url":"\/logo.png","width":600,"height":60}},"image":{"@type":"ImageObject","@id":"https:\/\/sonico.cz\/wp-content\/uploads\/alzbeta-i_1.jpg","url":"https:\/\/sonico.cz\/wp-content\/uploads\/alzbeta-i_1.jpg","height":"","width":""},"url":"https:\/\/www.sonico.cz\/vzpominka-na-vzacnou-zenu\/","about":["Neza\u0159azen\u00e9"],"wordCount":442,"articleBody":"Meda Ml\u00e1dkov\u00e1, sb\u011bratelka um\u011bn\u00ed, histori\u010dka, kur\u00e1torka, mecen\u00e1\u0161ka. Ale p\u0159edev\u0161\u00edm vz\u00e1cn\u00e1 \u017eena, jak\u00fdch\u00a0se rod\u00ed m\u00e1lo. Cel\u00fdm sv\u00fdm \u017eivotem, ve kter\u00e9m stihla ud\u011blat tolik pro na\u0161\u00ed v\u00fdtvarnou kulturu, dok\u00e1zala, \u017ee \u017e\u00edt podle hesla Pokud m\u016f\u017ee\u0161, ud\u011blej, se vyplat\u00ed. Nic z toho, co d\u011blala, nebylo nikdy pro jej\u00ed vlastn\u00ed prosp\u011bch. Na pam\u011bti m\u011bla moto sv\u00e9ho mu\u017ee, se kter\u00fdm zalo\u017eila Nadaci Jana a Medy Ml\u00e1dkov\u00fdch: Vydr\u017e\u00ed-li kultura, p\u0159e\u017eije n\u00e1rod.Meda Ml\u00e1dkov\u00e1 se narodila v roce 1919. V rodin\u011b sl\u00e1dka z\u00e1meck\u00e9ho pivovaru. V roce 1936 ukon\u010dila studium na Tane\u010dn\u00ed \u0161kole v Praze. V roce 1946 se p\u0159est\u011bhovala do \u017denevy, kde se rozhodla z\u00edskat kvalitn\u00ed vzd\u011bl\u00e1n\u00ed. Na \u0161koln\u00e9 se vyd\u011bl\u00e1vala tan\u010den\u00edm. Studium \u00fasp\u011b\u0161n\u011b zakon\u010dila doktor\u00e1tem v oboru ekonomie. Po roce 1948 se rozhodla z\u016fstat v exilu. Zapojila se do redak\u010dn\u00ed pr\u00e1ce \u010dasopisu Skute\u010dnost. Jeho\u017e p\u0159isp\u00edvateli byli Ferdinand Peroutka a Pavel Tigrid. V t\u00e9 dob\u011b pom\u00e1hala sh\u00e1n\u011bt pen\u00edze pro \u010deskoslovensk\u00e9 uprchl\u00edky. Aby z\u00edskala belgick\u00e9 ob\u010danstv\u00ed,\u00a0roce 1949 se provdala. Za mu\u017ee se \u0161lechtick\u00fdm titulem, se kter\u00fdm nav\u0161t\u00edvila \u0159adu evropsk\u00fdch galeri\u00ed a muze\u00ed. V roce 1955 zapo\u010dala studia v\u00fdtvarn\u00e9ho um\u011bn\u00ed na Sorbonn\u011b. Kde se seznamuje s Franti\u0161kem Kupkou. A je\u0161t\u011b p\u0159ed jeho smrt\u00ed v roce 1957 se j\u00ed poda\u0159\u00ed shrom\u00e1\u017edit nejv\u011bt\u0161\u00ed sb\u00edrku jeho obraz\u016f.V roce 1960 se\u00a0ve Washingtonu, kde studuje literaturu a um\u011bn\u00ed, seznamuje s Janem Ml\u00e1dkem, s n\u00edm\u017e\u00a0uzav\u00edr\u00e1 druh\u00e9 man\u017eelstv\u00ed. Osudov\u00fd mu\u017e, se kter\u00fdm za\u010dala provozovat um\u011bleck\u00fd sal\u00f3n a budovat sb\u00edrku obraz\u016f, kter\u00e9 svou kvalitou poutaly pozornost. Jak v\u00fdtvarn\u00edk\u016f, tak \u0161irok\u00e9 ve\u0159ejnosti. V roce 1990 se Meda Ml\u00e1dkov\u00e1 vrac\u00ed do Prahy. S velkolep\u00fdm pl\u00e1nem darovat velkolepou sb\u00edrku hlavn\u00edmu m\u011bstu. Trv\u00e1 to deset let, ne\u017e se poda\u0159\u00ed zrekonstruovat zch\u00e1tral\u00e9 Sovovy ml\u00fdny. A otev\u0159\u00edt galerii, ve kter\u00e9 je mo\u017en\u00e9 vz\u00e1cn\u00e9 obrazy vystavit. Nakonec se sen Medy a Jana Ml\u00e1dkov\u00fdch spln\u00ed. A roce 2003 je otev\u0159eno i Museum Kampa. Ocen\u011bn\u00ed, kter\u00fdch\u00a0se t\u00e9to \u017een\u011b dostalo, Medaile za z\u00e1sluhy, Artis Bohemiae Amicis, \u0158\u00e1d zlat\u00e9 l\u00edpy, Mecen\u00e1\u0161 \u010desk\u00e9 kultury, nedok\u00e1\u017eou\u00a0vyj\u00e1d\u0159it obdiv a pod\u011bkov\u00e1n\u00ed za jej\u00ed neskute\u010dn\u00fd p\u0159\u00ednos \u010desk\u00e9 kultu\u0159e. Jm\u00e9no Medy Ml\u00e1dkov\u00e9 nese i planetka 29419.                                                                                                                                                                                                                                                                                                                                                                                        4.7\/5 - (7 votes)        "},{"@context":"https:\/\/schema.org\/","@type":"BreadcrumbList","itemListElement":[{"@type":"ListItem","position":1,"name":"Vzpom\u00ednka na vz\u00e1cnou \u017eenu","item":"https:\/\/www.sonico.cz\/vzpominka-na-vzacnou-zenu\/#breadcrumbitem"}]}]